{"id":695,"date":"2023-05-09T16:44:34","date_gmt":"2023-05-09T14:44:34","guid":{"rendered":"https:\/\/piccolofrassino.com\/blog-de\/lago-di-garda\/"},"modified":"2023-05-22T12:25:40","modified_gmt":"2023-05-22T10:25:40","slug":"garda-see","status":"publish","type":"post","link":"https:\/\/piccolofrassino.com\/de\/blog-de\/garda-see\/","title":{"rendered":"Garda See"},"content":{"rendered":"<p>Der Gardasee ist einer der sch\u00f6nsten und meistbesuchten Seen der Welt. Das veronesische Gebiet des Sees erstreckt sich n\u00f6rdlich vom Naturschutzgebiet Integral Lake Garda nach S\u00fcden bis nach Peschiera del Garda. Vom Cerro Veronese, im Gebiet Piccolo Frassino, kann man den Gardasee \u00fcber den Monte Baldo oder durch den Abstieg nach Verona und durch das Valpolicella erreichen.<\/p>\n","protected":false},"excerpt":{"rendered":"<p>Der Gardasee ist einer der sch\u00f6nsten und meistbesuchten Seen der Welt. Das veronesische Gebiet des Sees erstreckt sich n\u00f6rdlich vom Naturschutzgebiet Integral Lake Garda nach S\u00fcden bis nach Peschiera del Garda. Vom Cerro Veronese, im Gebiet Piccolo Frassino, kann man den Gardasee \u00fcber den Monte Baldo oder durch den Abstieg nach Verona und durch das [&hellip;]<\/p>\n","protected":false},"author":1,"featured_media":595,"comment_status":"closed","ping_status":"closed","sticky":false,"template":"","format":"standard","meta":{"_acf_changed":false,"footnotes":""},"categories":[3],"tags":[],"class_list":["post-695","post","type-post","status-publish","format-standard","has-post-thumbnail","hentry","category-blog-de"],"acf":[],"yoast_head":"<!-- This site is optimized with the Yoast SEO plugin v27.5 - https:\/\/yoast.com\/product\/yoast-seo-wordpress\/ -->\n<title>Garda See - Piccolo Frassino<\/title>\n<meta name=\"robots\" content=\"index, follow, max-snippet:-1, max-image-preview:large, max-video-preview:-1\" \/>\n<link rel=\"canonical\" href=\"https:\/\/piccolofrassino.com\/de\/blog-de\/garda-see\/\" \/>\n<meta property=\"og:locale\" content=\"de_DE\" \/>\n<meta property=\"og:type\" content=\"article\" \/>\n<meta property=\"og:title\" content=\"Garda See - Piccolo Frassino\" \/>\n<meta property=\"og:description\" content=\"Der Gardasee ist einer der sch\u00f6nsten und meistbesuchten Seen der Welt. Das veronesische Gebiet des Sees erstreckt sich n\u00f6rdlich vom Naturschutzgebiet Integral Lake Garda nach S\u00fcden bis nach Peschiera del Garda. Vom Cerro Veronese, im Gebiet Piccolo Frassino, kann man den Gardasee \u00fcber den Monte Baldo oder durch den Abstieg nach Verona und durch das [&hellip;]\" \/>\n<meta property=\"og:url\" content=\"https:\/\/piccolofrassino.com\/de\/blog-de\/garda-see\/\" \/>\n<meta property=\"og:site_name\" content=\"Piccolo Frassino\" \/>\n<meta property=\"article:published_time\" content=\"2023-05-09T14:44:34+00:00\" \/>\n<meta property=\"article:modified_time\" content=\"2023-05-22T10:25:40+00:00\" \/>\n<meta property=\"og:image\" content=\"https:\/\/piccolofrassino.com\/assets\/uploads\/garda-2147692.jpg\" \/>\n\t<meta property=\"og:image:width\" content=\"1920\" \/>\n\t<meta property=\"og:image:height\" content=\"1280\" \/>\n\t<meta property=\"og:image:type\" content=\"image\/jpeg\" \/>\n<meta name=\"author\" content=\"monch\" \/>\n<meta name=\"twitter:card\" content=\"summary_large_image\" \/>\n<meta name=\"twitter:label1\" content=\"Verfasst von\" \/>\n\t<meta name=\"twitter:data1\" content=\"monch\" \/>\n<script type=\"application\/ld+json\" class=\"yoast-schema-graph\">{\"@context\":\"https:\\\/\\\/schema.org\",\"@graph\":[{\"@type\":\"Article\",\"@id\":\"https:\\\/\\\/piccolofrassino.com\\\/de\\\/blog-de\\\/garda-see\\\/#article\",\"isPartOf\":{\"@id\":\"https:\\\/\\\/piccolofrassino.com\\\/de\\\/blog-de\\\/garda-see\\\/\"},\"author\":{\"name\":\"monch\",\"@id\":\"https:\\\/\\\/piccolofrassino.com\\\/de\\\/#\\\/schema\\\/person\\\/cb279edfa1b0bb3469062ad2215e9a9e\"},\"headline\":\"Garda See\",\"datePublished\":\"2023-05-09T14:44:34+00:00\",\"dateModified\":\"2023-05-22T10:25:40+00:00\",\"mainEntityOfPage\":{\"@id\":\"https:\\\/\\\/piccolofrassino.com\\\/de\\\/blog-de\\\/garda-see\\\/\"},\"wordCount\":62,\"publisher\":{\"@id\":\"https:\\\/\\\/piccolofrassino.com\\\/de\\\/#organization\"},\"image\":{\"@id\":\"https:\\\/\\\/piccolofrassino.com\\\/de\\\/blog-de\\\/garda-see\\\/#primaryimage\"},\"thumbnailUrl\":\"https:\\\/\\\/piccolofrassino.com\\\/assets\\\/uploads\\\/garda-2147692.jpg\",\"articleSection\":[\"Blog\"],\"inLanguage\":\"de\"},{\"@type\":\"WebPage\",\"@id\":\"https:\\\/\\\/piccolofrassino.com\\\/de\\\/blog-de\\\/garda-see\\\/\",\"url\":\"https:\\\/\\\/piccolofrassino.com\\\/de\\\/blog-de\\\/garda-see\\\/\",\"name\":\"Garda See - Piccolo Frassino\",\"isPartOf\":{\"@id\":\"https:\\\/\\\/piccolofrassino.com\\\/de\\\/#website\"},\"primaryImageOfPage\":{\"@id\":\"https:\\\/\\\/piccolofrassino.com\\\/de\\\/blog-de\\\/garda-see\\\/#primaryimage\"},\"image\":{\"@id\":\"https:\\\/\\\/piccolofrassino.com\\\/de\\\/blog-de\\\/garda-see\\\/#primaryimage\"},\"thumbnailUrl\":\"https:\\\/\\\/piccolofrassino.com\\\/assets\\\/uploads\\\/garda-2147692.jpg\",\"datePublished\":\"2023-05-09T14:44:34+00:00\",\"dateModified\":\"2023-05-22T10:25:40+00:00\",\"breadcrumb\":{\"@id\":\"https:\\\/\\\/piccolofrassino.com\\\/de\\\/blog-de\\\/garda-see\\\/#breadcrumb\"},\"inLanguage\":\"de\",\"potentialAction\":[{\"@type\":\"ReadAction\",\"target\":[\"https:\\\/\\\/piccolofrassino.com\\\/de\\\/blog-de\\\/garda-see\\\/\"]}]},{\"@type\":\"ImageObject\",\"inLanguage\":\"de\",\"@id\":\"https:\\\/\\\/piccolofrassino.com\\\/de\\\/blog-de\\\/garda-see\\\/#primaryimage\",\"url\":\"https:\\\/\\\/piccolofrassino.com\\\/assets\\\/uploads\\\/garda-2147692.jpg\",\"contentUrl\":\"https:\\\/\\\/piccolofrassino.com\\\/assets\\\/uploads\\\/garda-2147692.jpg\",\"width\":1920,\"height\":1280},{\"@type\":\"BreadcrumbList\",\"@id\":\"https:\\\/\\\/piccolofrassino.com\\\/de\\\/blog-de\\\/garda-see\\\/#breadcrumb\",\"itemListElement\":[{\"@type\":\"ListItem\",\"position\":1,\"name\":\"Home\",\"item\":\"https:\\\/\\\/piccolofrassino.com\\\/de\\\/home\\\/\"},{\"@type\":\"ListItem\",\"position\":2,\"name\":\"Garda See\"}]},{\"@type\":\"WebSite\",\"@id\":\"https:\\\/\\\/piccolofrassino.com\\\/de\\\/#website\",\"url\":\"https:\\\/\\\/piccolofrassino.com\\\/de\\\/\",\"name\":\"Piccolo Frassino\",\"description\":\"Locazione turistica nel cuore della Lessinia\",\"publisher\":{\"@id\":\"https:\\\/\\\/piccolofrassino.com\\\/de\\\/#organization\"},\"potentialAction\":[{\"@type\":\"SearchAction\",\"target\":{\"@type\":\"EntryPoint\",\"urlTemplate\":\"https:\\\/\\\/piccolofrassino.com\\\/de\\\/?s={search_term_string}\"},\"query-input\":{\"@type\":\"PropertyValueSpecification\",\"valueRequired\":true,\"valueName\":\"search_term_string\"}}],\"inLanguage\":\"de\"},{\"@type\":\"Organization\",\"@id\":\"https:\\\/\\\/piccolofrassino.com\\\/de\\\/#organization\",\"name\":\"Piccolo Frassino\",\"url\":\"https:\\\/\\\/piccolofrassino.com\\\/de\\\/\",\"logo\":{\"@type\":\"ImageObject\",\"inLanguage\":\"de\",\"@id\":\"https:\\\/\\\/piccolofrassino.com\\\/de\\\/#\\\/schema\\\/logo\\\/image\\\/\",\"url\":\"https:\\\/\\\/piccolofrassino.com\\\/assets\\\/uploads\\\/logo.svg\",\"contentUrl\":\"https:\\\/\\\/piccolofrassino.com\\\/assets\\\/uploads\\\/logo.svg\",\"width\":1,\"height\":1,\"caption\":\"Piccolo Frassino\"},\"image\":{\"@id\":\"https:\\\/\\\/piccolofrassino.com\\\/de\\\/#\\\/schema\\\/logo\\\/image\\\/\"}},{\"@type\":\"Person\",\"@id\":\"https:\\\/\\\/piccolofrassino.com\\\/de\\\/#\\\/schema\\\/person\\\/cb279edfa1b0bb3469062ad2215e9a9e\",\"name\":\"monch\",\"image\":{\"@type\":\"ImageObject\",\"inLanguage\":\"de\",\"@id\":\"https:\\\/\\\/secure.gravatar.com\\\/avatar\\\/b84350a98bb2c8f21e226cbdd97bcf0752d53a8a7737e244620ac6c466e14859?s=96&d=mm&r=g\",\"url\":\"https:\\\/\\\/secure.gravatar.com\\\/avatar\\\/b84350a98bb2c8f21e226cbdd97bcf0752d53a8a7737e244620ac6c466e14859?s=96&d=mm&r=g\",\"contentUrl\":\"https:\\\/\\\/secure.gravatar.com\\\/avatar\\\/b84350a98bb2c8f21e226cbdd97bcf0752d53a8a7737e244620ac6c466e14859?s=96&d=mm&r=g\",\"caption\":\"monch\"},\"sameAs\":[\"https:\\\/\\\/piccolofrassino.com\"],\"url\":\"https:\\\/\\\/piccolofrassino.com\\\/de\\\/author\\\/monch\\\/\"}]}<\/script>\n<!-- \/ Yoast SEO plugin. -->","yoast_head_json":{"title":"Garda See - Piccolo Frassino","robots":{"index":"index","follow":"follow","max-snippet":"max-snippet:-1","max-image-preview":"max-image-preview:large","max-video-preview":"max-video-preview:-1"},"canonical":"https:\/\/piccolofrassino.com\/de\/blog-de\/garda-see\/","og_locale":"de_DE","og_type":"article","og_title":"Garda See - Piccolo Frassino","og_description":"Der Gardasee ist einer der sch\u00f6nsten und meistbesuchten Seen der Welt. Das veronesische Gebiet des Sees erstreckt sich n\u00f6rdlich vom Naturschutzgebiet Integral Lake Garda nach S\u00fcden bis nach Peschiera del Garda. Vom Cerro Veronese, im Gebiet Piccolo Frassino, kann man den Gardasee \u00fcber den Monte Baldo oder durch den Abstieg nach Verona und durch das [&hellip;]","og_url":"https:\/\/piccolofrassino.com\/de\/blog-de\/garda-see\/","og_site_name":"Piccolo Frassino","article_published_time":"2023-05-09T14:44:34+00:00","article_modified_time":"2023-05-22T10:25:40+00:00","og_image":[{"width":1920,"height":1280,"url":"https:\/\/piccolofrassino.com\/assets\/uploads\/garda-2147692.jpg","type":"image\/jpeg"}],"author":"monch","twitter_card":"summary_large_image","twitter_misc":{"Verfasst von":"monch"},"schema":{"@context":"https:\/\/schema.org","@graph":[{"@type":"Article","@id":"https:\/\/piccolofrassino.com\/de\/blog-de\/garda-see\/#article","isPartOf":{"@id":"https:\/\/piccolofrassino.com\/de\/blog-de\/garda-see\/"},"author":{"name":"monch","@id":"https:\/\/piccolofrassino.com\/de\/#\/schema\/person\/cb279edfa1b0bb3469062ad2215e9a9e"},"headline":"Garda See","datePublished":"2023-05-09T14:44:34+00:00","dateModified":"2023-05-22T10:25:40+00:00","mainEntityOfPage":{"@id":"https:\/\/piccolofrassino.com\/de\/blog-de\/garda-see\/"},"wordCount":62,"publisher":{"@id":"https:\/\/piccolofrassino.com\/de\/#organization"},"image":{"@id":"https:\/\/piccolofrassino.com\/de\/blog-de\/garda-see\/#primaryimage"},"thumbnailUrl":"https:\/\/piccolofrassino.com\/assets\/uploads\/garda-2147692.jpg","articleSection":["Blog"],"inLanguage":"de"},{"@type":"WebPage","@id":"https:\/\/piccolofrassino.com\/de\/blog-de\/garda-see\/","url":"https:\/\/piccolofrassino.com\/de\/blog-de\/garda-see\/","name":"Garda See - Piccolo Frassino","isPartOf":{"@id":"https:\/\/piccolofrassino.com\/de\/#website"},"primaryImageOfPage":{"@id":"https:\/\/piccolofrassino.com\/de\/blog-de\/garda-see\/#primaryimage"},"image":{"@id":"https:\/\/piccolofrassino.com\/de\/blog-de\/garda-see\/#primaryimage"},"thumbnailUrl":"https:\/\/piccolofrassino.com\/assets\/uploads\/garda-2147692.jpg","datePublished":"2023-05-09T14:44:34+00:00","dateModified":"2023-05-22T10:25:40+00:00","breadcrumb":{"@id":"https:\/\/piccolofrassino.com\/de\/blog-de\/garda-see\/#breadcrumb"},"inLanguage":"de","potentialAction":[{"@type":"ReadAction","target":["https:\/\/piccolofrassino.com\/de\/blog-de\/garda-see\/"]}]},{"@type":"ImageObject","inLanguage":"de","@id":"https:\/\/piccolofrassino.com\/de\/blog-de\/garda-see\/#primaryimage","url":"https:\/\/piccolofrassino.com\/assets\/uploads\/garda-2147692.jpg","contentUrl":"https:\/\/piccolofrassino.com\/assets\/uploads\/garda-2147692.jpg","width":1920,"height":1280},{"@type":"BreadcrumbList","@id":"https:\/\/piccolofrassino.com\/de\/blog-de\/garda-see\/#breadcrumb","itemListElement":[{"@type":"ListItem","position":1,"name":"Home","item":"https:\/\/piccolofrassino.com\/de\/home\/"},{"@type":"ListItem","position":2,"name":"Garda See"}]},{"@type":"WebSite","@id":"https:\/\/piccolofrassino.com\/de\/#website","url":"https:\/\/piccolofrassino.com\/de\/","name":"Piccolo Frassino","description":"Locazione turistica nel cuore della Lessinia","publisher":{"@id":"https:\/\/piccolofrassino.com\/de\/#organization"},"potentialAction":[{"@type":"SearchAction","target":{"@type":"EntryPoint","urlTemplate":"https:\/\/piccolofrassino.com\/de\/?s={search_term_string}"},"query-input":{"@type":"PropertyValueSpecification","valueRequired":true,"valueName":"search_term_string"}}],"inLanguage":"de"},{"@type":"Organization","@id":"https:\/\/piccolofrassino.com\/de\/#organization","name":"Piccolo Frassino","url":"https:\/\/piccolofrassino.com\/de\/","logo":{"@type":"ImageObject","inLanguage":"de","@id":"https:\/\/piccolofrassino.com\/de\/#\/schema\/logo\/image\/","url":"https:\/\/piccolofrassino.com\/assets\/uploads\/logo.svg","contentUrl":"https:\/\/piccolofrassino.com\/assets\/uploads\/logo.svg","width":1,"height":1,"caption":"Piccolo Frassino"},"image":{"@id":"https:\/\/piccolofrassino.com\/de\/#\/schema\/logo\/image\/"}},{"@type":"Person","@id":"https:\/\/piccolofrassino.com\/de\/#\/schema\/person\/cb279edfa1b0bb3469062ad2215e9a9e","name":"monch","image":{"@type":"ImageObject","inLanguage":"de","@id":"https:\/\/secure.gravatar.com\/avatar\/b84350a98bb2c8f21e226cbdd97bcf0752d53a8a7737e244620ac6c466e14859?s=96&d=mm&r=g","url":"https:\/\/secure.gravatar.com\/avatar\/b84350a98bb2c8f21e226cbdd97bcf0752d53a8a7737e244620ac6c466e14859?s=96&d=mm&r=g","contentUrl":"https:\/\/secure.gravatar.com\/avatar\/b84350a98bb2c8f21e226cbdd97bcf0752d53a8a7737e244620ac6c466e14859?s=96&d=mm&r=g","caption":"monch"},"sameAs":["https:\/\/piccolofrassino.com"],"url":"https:\/\/piccolofrassino.com\/de\/author\/monch\/"}]}},"_links":{"self":[{"href":"https:\/\/piccolofrassino.com\/de\/wp-json\/wp\/v2\/posts\/695","targetHints":{"allow":["GET"]}}],"collection":[{"href":"https:\/\/piccolofrassino.com\/de\/wp-json\/wp\/v2\/posts"}],"about":[{"href":"https:\/\/piccolofrassino.com\/de\/wp-json\/wp\/v2\/types\/post"}],"author":[{"embeddable":true,"href":"https:\/\/piccolofrassino.com\/de\/wp-json\/wp\/v2\/users\/1"}],"replies":[{"embeddable":true,"href":"https:\/\/piccolofrassino.com\/de\/wp-json\/wp\/v2\/comments?post=695"}],"version-history":[{"count":4,"href":"https:\/\/piccolofrassino.com\/de\/wp-json\/wp\/v2\/posts\/695\/revisions"}],"predecessor-version":[{"id":785,"href":"https:\/\/piccolofrassino.com\/de\/wp-json\/wp\/v2\/posts\/695\/revisions\/785"}],"wp:featuredmedia":[{"embeddable":true,"href":"https:\/\/piccolofrassino.com\/de\/wp-json\/wp\/v2\/media\/595"}],"wp:attachment":[{"href":"https:\/\/piccolofrassino.com\/de\/wp-json\/wp\/v2\/media?parent=695"}],"wp:term":[{"taxonomy":"category","embeddable":true,"href":"https:\/\/piccolofrassino.com\/de\/wp-json\/wp\/v2\/categories?post=695"},{"taxonomy":"post_tag","embeddable":true,"href":"https:\/\/piccolofrassino.com\/de\/wp-json\/wp\/v2\/tags?post=695"}],"curies":[{"name":"wp","href":"https:\/\/api.w.org\/{rel}","templated":true}]}}